{"id":3445,"date":"2021-09-08T16:48:09","date_gmt":"2021-09-08T16:48:09","guid":{"rendered":"https:\/\/www.confedonbosco.org\/gestio-emocional-per-afrontar-la-crisi\/"},"modified":"2021-09-08T16:48:10","modified_gmt":"2021-09-08T16:48:10","slug":"gestio-emocional-per-afrontar-la-crisi","status":"publish","type":"post","link":"https:\/\/confedonbosco.org\/ca\/blog\/2021\/09\/08\/gestio-emocional-per-afrontar-la-crisi\/","title":{"rendered":"Gesti\u00f3 emocional per afrontar la crisi"},"content":{"rendered":"\n<p class=\"has-medium-font-size wp-block-paragraph\">A causa de la situaci\u00f3 actual, la Confederaci\u00f3 Don Bosco ha vist la necessitat d&#8217;oferir als voluntaris i les volunt\u00e0ries dels centres juvenils salesians un <strong>espai formatiu en el qual poder treballar la gesti\u00f3 emocional<\/strong>. Al voltant de 40 joves han participat en aquestes jornades formatives celebrades en l\u00ednia els dissabtes 17 i 24 d&#8217;abril dins de el pla de formaci\u00f3 \u00abWebinars per una joventut alegre\u00bb.<\/p>\n\n<p class=\"wp-block-paragraph\">La pand\u00e8mia de la covid-19 ha suposat grans canvis per a tothom i ha tingut un gran impacte en les nostres emocions. En aquest sentit, no sempre tenim les eines adequades per gestionar aquestes emocions i des de la Confederaci\u00f3 Don Bosco \u00abcreiem que \u00e9s molt important cuidar el nostre interior per poder donar el millor als l&#8217;exterior\u00bb, explica David Arduengo, coordinador de projectes de l&#8217;entitat. A m\u00e9s d&#8217;eines per educar la intel\u00b7lig\u00e8ncia emocional, tamb\u00e9 s&#8217;ha vist important treballar la motivaci\u00f3 en relaci\u00f3 a la nostra acci\u00f3 pastoral amb els nens, nenes i joves afectada durant aquests durs moments.<\/p>\n\n<p class=\"wp-block-paragraph\">Experts apunten que la seg\u00fcent pand\u00e8mia ser\u00e0 la de la salut mental. \u00abAvan\u00e7ant-nos a aix\u00f2, i amb l&#8217;esperit de sistema preventiu, tenim la intenci\u00f3 de comen\u00e7ar a donar nocions b\u00e0siques per a la gesti\u00f3 emocional i que aquestes reverteixin tant en les federacions, com en els Centres Juvenils i en les seves persones destinat\u00e0ries\u00bb introdu\u00efa el comen\u00e7ament de l&#8217; trobada Bego\u00f1a Ros, vocal de Consell Directiu de la Confederaci\u00f3 Don Bosco. \u00abDes de la idea de la import\u00e0ncia de millorar la pr\u00f2pia gesti\u00f3 emocional per despr\u00e9s poder ajudar els altres\u00bb va afegir Alejandro Rojas, vicepresident de l&#8217;organitzaci\u00f3.<\/p>\n\n<p class=\"wp-block-paragraph\">El primer webinar, celebrat el 17 d&#8217;abril sota el t\u00edtol \u00abEducant en Intel\u00b7lig\u00e8ncia Emocional\u00bb, va ser impartit per Miguel \u00c1ngel Olivares, salesi\u00e0 que porta 30 anys acompanyant centres juvenils i que actualment treballa a la Plataforma Social Valora a Parla (Madrid). Miguel \u00c1ngel tamb\u00e9 forma part de l&#8217;equip Magone, un programa basat en el suport psicol\u00f2gic a menors. La formaci\u00f3 es va centrar en l&#8217;autoregulaci\u00f3 emocional, la interioritat i la identificaci\u00f3 de les viv\u00e8ncies des d&#8217;un enfocament positiu<\/p>\n\n<p class=\"wp-block-paragraph\">El segon, \u00abLa corba de l&#8217;canvi i autoconeixement emocional\u00bb, va tenir lloc el passat dissabte 24 d&#8217;abril amb Elena Fern\u00e1ndez, doctora en Psicologia a la Universitat Complutense de Madrid UCM) i especialista en coaching d&#8217;equips d&#8217;alt rendiment. Les persones participants van con\u00e8ixer noves t\u00e8cniques de gesti\u00f3 emocional i es va refor\u00e7ar la motivaci\u00f3 i autoconeixement emocional.<\/p>\n\n<p class=\"wp-block-paragraph\">Amb aquestes trobades la Confederaci\u00f3 Don Bosco segueix treballant de forma priorit\u00e0ria la formaci\u00f3 de les persones volunt\u00e0ries que participen en els programes i projectes dels centres juvenils salesians. \u00abDefensem un voluntariat preparat i implicat que pugui afrontar amb \u00e8xit els objectius educatius i socials que ens proposem en tots els nostres programes\u00bb conclou Pedro Hern\u00e1ndez, coordinador nacional d&#8217;centres juvenils.<\/p>\n","protected":false},"excerpt":{"rendered":"<p>A causa de la situaci\u00f3 actual, la Confederaci\u00f3 Don Bosco ha vist la necessitat d&#8217;oferir als voluntaris i les volunt\u00e0ries dels centres juvenils salesians un espai formatiu en el qual poder treballar la gesti\u00f3 emocional. Al voltant de 40 joves han participat en aquestes jornades formatives celebrades en l\u00ednia els dissabtes 17 i 24 d&#8217;abril&hellip;<\/p>\n","protected":false},"author":27,"featured_media":672,"comment_status":"open","ping_status":"closed","sticky":false,"template":"","format":"standard","meta":{"_monsterinsights_skip_tracking":false,"footnotes":""},"categories":[59],"tags":[],"class_list":["post-3445","post","type-post","status-publish","format-standard","has-post-thumbnail","hentry","category-formacions","category-59","description-off"],"_links":{"self":[{"href":"https:\/\/confedonbosco.org\/ca\/wp-json\/wp\/v2\/posts\/3445","targetHints":{"allow":["GET"]}}],"collection":[{"href":"https:\/\/confedonbosco.org\/ca\/wp-json\/wp\/v2\/posts"}],"about":[{"href":"https:\/\/confedonbosco.org\/ca\/wp-json\/wp\/v2\/types\/post"}],"author":[{"embeddable":true,"href":"https:\/\/confedonbosco.org\/ca\/wp-json\/wp\/v2\/users\/27"}],"replies":[{"embeddable":true,"href":"https:\/\/confedonbosco.org\/ca\/wp-json\/wp\/v2\/comments?post=3445"}],"version-history":[{"count":1,"href":"https:\/\/confedonbosco.org\/ca\/wp-json\/wp\/v2\/posts\/3445\/revisions"}],"predecessor-version":[{"id":3446,"href":"https:\/\/confedonbosco.org\/ca\/wp-json\/wp\/v2\/posts\/3445\/revisions\/3446"}],"wp:featuredmedia":[{"embeddable":true,"href":"https:\/\/confedonbosco.org\/ca\/wp-json\/wp\/v2\/media\/672"}],"wp:attachment":[{"href":"https:\/\/confedonbosco.org\/ca\/wp-json\/wp\/v2\/media?parent=3445"}],"wp:term":[{"taxonomy":"category","embeddable":true,"href":"https:\/\/confedonbosco.org\/ca\/wp-json\/wp\/v2\/categories?post=3445"},{"taxonomy":"post_tag","embeddable":true,"href":"https:\/\/confedonbosco.org\/ca\/wp-json\/wp\/v2\/tags?post=3445"}],"curies":[{"name":"wp","href":"https:\/\/api.w.org\/{rel}","templated":true}]}}